{
    "id": 1041,
    "date": "2022-01-22T14:50:00",
    "date_gmt": "2022-01-22T13:50:00",
    "guid": {
        "rendered": "https:\/\/www.maha-maya-center.com\/?p=1041"
    },
    "modified": "2022-06-15T09:58:55",
    "modified_gmt": "2022-06-15T07:58:55",
    "slug": "das-licht-des-maha-maya-landes",
    "status": "publish",
    "type": "post",
    "link": "https:\/\/www.maha-maya-center.com\/de_at\/das-licht-des-maha-maya-landes\/",
    "title": {
        "rendered": "Das Licht des Maha Maya Landes"
    },
    "content": {
        "rendered": "<p>[et_pb_section fb_built=&#8220;1&#8243; _builder_version=&#8220;4.16&#8243; _module_preset=&#8220;default&#8220; background_color=&#8220;RGBA(0,0,0,0)&#8220; custom_padding=&#8220;9px||6px|||&#8220; bottom_divider_height=&#8220;341px&#8220; global_colors_info=&#8220;{}&#8220;][et_pb_row _builder_version=&#8220;4.16&#8243; _module_preset=&#8220;default&#8220; global_colors_info=&#8220;{}&#8220;][et_pb_column type=&#8220;4_4&#8243; _builder_version=&#8220;4.16&#8243; _module_preset=&#8220;default&#8220; global_colors_info=&#8220;{}&#8220;][et_pb_image src=&#8220;https:\/\/www.maha-maya-center.com\/root\/wp-content\/uploads\/2022\/01\/Portrait-Parvati-Familie-300&#215;225.jpeg&#8220; title_text=&#8220;Portrait Parvati &#038; Familie&#8220; align=&#8220;center&#8220; _builder_version=&#8220;4.16&#8243; _module_preset=&#8220;default&#8220; global_colors_info=&#8220;{}&#8220;][\/et_pb_image][\/et_pb_column][\/et_pb_row][\/et_pb_section][et_pb_section fb_built=&#8220;1&#8243; _builder_version=&#8220;4.16&#8243; _module_preset=&#8220;default&#8220; custom_padding=&#8220;5px||3px|||&#8220; global_colors_info=&#8220;{}&#8220;][et_pb_row _builder_version=&#8220;4.16&#8243; _module_preset=&#8220;default&#8220; custom_padding=&#8220;||11px|||&#8220; global_colors_info=&#8220;{}&#8220;][et_pb_column type=&#8220;4_4&#8243; _builder_version=&#8220;4.16&#8243; _module_preset=&#8220;default&#8220; global_colors_info=&#8220;{}&#8220;][et_pb_text _builder_version=&#8220;4.16&#8243; _module_preset=&#8220;default&#8220; custom_padding=&#8220;||14px|||&#8220; global_colors_info=&#8220;{}&#8220;]<\/p>\n<div class=\"\" data-block=\"true\" data-editor=\"1vp6i\" data-offset-key=\"aicjh-0-0\">\n<div data-offset-key=\"aicjh-0-0\" class=\"_1mf _1mj\"><span data-offset-key=\"aicjh-0-0\">Mein Leben hat mich schon unz\u00e4hlige Jahre sehr regelm\u00e4\u00dfig nach Indien gef\u00fchrt. Meine bisherigen Indienaufenthalte verbrachte ich allerdings haupts\u00e4chlich im Norden des Landes. So war ich selbst \u00fcberrascht, dass mich meine Vision des Maha Maya Centers ganz klar und stark nach Kerala zog. Nach und nach begreife ich warum, aber dar\u00fcber spreche ich ein anderes mal&#8230;<\/span><\/div>\n<\/div>\n<div class=\"\" data-block=\"true\" data-editor=\"1vp6i\" data-offset-key=\"7va7i-0-0\">\n<div data-offset-key=\"7va7i-0-0\" class=\"_1mf _1mj\"><span data-offset-key=\"7va7i-0-0\">Als die Vision f\u00fcr dieses Projekt entstand, war es wie ein Wunder, wie sich alles zusammenfand: der Platz, an dem das Zentrum entstehen sollte, das Architektenteam, Menschen denen Mann vertrauen kann, die Finanzierung des Projekts. Und so kam es, dass ich, trotz eines sehr aktiven, sch\u00f6nen Lebens in Wien, meinen Lebensmittelpunkt mit meiner Tochter Sunanda nach Kerala verlagerte. Bereits seit einem halben Jahr leben wir nun schon hier, und sind gl\u00fccklich, dass wir auch Pryia, unsere H\u00fcndin &#8211; trotz einer schweren Reise &#8211; nach Indien holen konnten. Keine leichte H\u00fcrde f\u00fcr einen Hund, aber wenn ich sehe wie gl\u00fccklich und frei Kind und Hund hier sind, dann bin ich froh dass wir uns getraut haben.<\/span><\/div>\n<\/div>\n<div class=\"\" data-block=\"true\" data-editor=\"1vp6i\" data-offset-key=\"e69m4-0-0\">\n<div data-offset-key=\"e69m4-0-0\" class=\"_1mf _1mj\"><span data-offset-key=\"e69m4-0-0\">Die Basis meines Wirkens ist seit Jahren HIAO Healing, das ich in Wien und Europa unterrichtet habe und unterrichte. Auch hier in Kerala im Maha Maya Center findet diese Meditationstechnik ihre neue Heimat. HIAO ist ein Laut, der in sich die Erinnerung tr\u00e4gt, was uns Menschen ausmacht und wozu wir Menschen f\u00e4hig sind, sofern wir die Illusionen der Begrenzungen entlarven, die wir uns selbst setzen. HIAO Healing ist eine machtvolle M\u00f6glichkeit die Energien zu lenken und Klang zur Heilung einzusetzen. So k\u00f6nnen wir uns erinnern, dass der Mensch &#8211; egal von welchem Ausgangspunkt &#8211; mit Allem ausgestattet ist, um ein freudvolles, gesundes, gl\u00fcckliches und selbstbestimmtes Leben zu f\u00fchren.<\/span><\/div>\n<\/div>\n<div class=\"\" data-block=\"true\" data-editor=\"1vp6i\" data-offset-key=\"ablas-0-0\">\n<div data-offset-key=\"ablas-0-0\" class=\"_1mf _1mj\"><span data-offset-key=\"ablas-0-0\">Das Maha Maya Center ist ein Ort, der jegliche Meditations- oder K\u00f6rperarbeit, jegliche Pers\u00f6nlichkeitsentwicklung, mit eben dieser Ausrichtung in seiner Wirkung enorm unterst\u00fctzt.<\/span><\/div>\n<\/div>\n<p>[\/et_pb_text][\/et_pb_column][\/et_pb_row][\/et_pb_section][et_pb_section fb_built=&#8220;1&#8243; _builder_version=&#8220;4.16&#8243; _module_preset=&#8220;default&#8220; background_color=&#8220;RGBA(0,0,0,0)&#8220; custom_padding=&#8220;9px||6px|||&#8220; bottom_divider_height=&#8220;341px&#8220; global_colors_info=&#8220;{}&#8220;][et_pb_row _builder_version=&#8220;4.16&#8243; _module_preset=&#8220;default&#8220; global_colors_info=&#8220;{}&#8220;][et_pb_column type=&#8220;4_4&#8243; _builder_version=&#8220;4.16&#8243; _module_preset=&#8220;default&#8220; global_colors_info=&#8220;{}&#8220;][et_pb_image src=&#8220;https:\/\/www.maha-maya-center.com\/root\/wp-content\/uploads\/2021\/12\/yogaretreat-1024&#215;761.png&#8220; title_text=&#8220;Namaste in Indien mit Logo&#8220; align=&#8220;center&#8220; _builder_version=&#8220;4.17.4&#8243; _module_preset=&#8220;default&#8220; hover_enabled=&#8220;0&#8243; global_colors_info=&#8220;{}&#8220; sticky_enabled=&#8220;0&#8243;][\/et_pb_image][\/et_pb_column][\/et_pb_row][\/et_pb_section][et_pb_section fb_built=&#8220;1&#8243; _builder_version=&#8220;4.16&#8243; _module_preset=&#8220;default&#8220; custom_padding=&#8220;5px||3px|||&#8220; global_colors_info=&#8220;{}&#8220;][et_pb_row _builder_version=&#8220;4.16&#8243; _module_preset=&#8220;default&#8220; custom_padding=&#8220;||11px|||&#8220; global_colors_info=&#8220;{}&#8220;][et_pb_column type=&#8220;4_4&#8243; _builder_version=&#8220;4.16&#8243; _module_preset=&#8220;default&#8220; global_colors_info=&#8220;{}&#8220;][et_pb_text _builder_version=&#8220;4.16&#8243; _module_preset=&#8220;default&#8220; custom_padding=&#8220;||14px|||&#8220; global_colors_info=&#8220;{}&#8220;]<\/p>\n<div class=\"\" data-block=\"true\" data-editor=\"e254k\" data-offset-key=\"43dp4-0-0\">\n<div data-offset-key=\"43dp4-0-0\" class=\"_1mf _1mj\"><span data-offset-key=\"43dp4-0-0\">Meine bisherige Zeit am Maha Maya Land war definitiv eine intensive Zeit und es ist unglaublich was man auf einer Baustelle alles entscheiden, lernen, durchdenken und durchf\u00fchlen muss oder kann. Am meisten fasziniert mich aber die Tatsache, dass es gerade eben noch &#8222;nur&#8220; eine Vision war und 1,5 Jahre sp\u00e4ter ist es fast fertig. <\/span><\/div>\n<\/div>\n<div class=\"\" data-block=\"true\" data-editor=\"e254k\" data-offset-key=\"20ljh-0-0\">\n<div data-offset-key=\"20ljh-0-0\" class=\"_1mf _1mj\"><span data-offset-key=\"20ljh-0-0\">Der Ort an sich ist so kraftvoll &#8211; und nat\u00fcrlich ist es kein Zufall, dass das Zentrum hier entsteht &#8211; jeder Mensch der hier lebt oder hier her komm, kommt schon jetzt in tiefe Prozesse in seinem oder ihrem Innersten. Wenn man in den noch nicht fertigen Tempel geht, wo nur Mauern, Dach und Fenster sind, betritt man bereits einen erhebenden Raum der die Tr\u00e4nen direkt aus dem Herzen hervor zu holen scheint. Und dann wird mir immer wieder klar, so einen Platz kann ein Mensch nicht erschaffen. Auch nicht der beste Architekt (und den habe ich nat\u00fcrlich \ud83d\ude0a) und auch ich nicht. Es ist mit aller Demut zu erkennen, dass solch eine Vision eine Art Auftrag ist. Wenn man dem folgt, kommen alle Kr\u00e4fte zusammen und kreieren&#8230;<\/span><\/div>\n<\/div>\n<div class=\"\" data-block=\"true\" data-editor=\"e254k\" data-offset-key=\"dr5sb-0-0\">\n<div data-offset-key=\"dr5sb-0-0\" class=\"_1mf _1mj\"><span data-offset-key=\"dr5sb-0-0\">Ich denke das Wichtigste f\u00fcr uns alle im moment ist uns zu beeilen und jetzt das zu tun, wozu wir gekommen sind: der Erde und den Menschen zu dienen. Wie auch immer das im Einzelfall ausschaut, es sollte lichtvoll sein. Das bedeutet nicht, dass nun jeder alles stehen und liegen lassen soll, sondern eben, dass jeder in dem was er oder sie gerade tut, die h\u00f6chste Priorit\u00e4t darin sieht, sich auf das innere Licht zu fokussieren und vor allem es zu SEIN. Das allein bringt schon eine enorme Ver\u00e4nderung auf der Welt, die wir uns schon so sehr herbei sehnen.<\/span><\/div>\n<\/div>\n<div class=\"\" data-block=\"true\" data-editor=\"e254k\" data-offset-key=\"7r7co-0-0\">\n<div data-offset-key=\"7r7co-0-0\" class=\"_1mf _1mj\"><span data-offset-key=\"7r7co-0-0\">Meiner Vision entsprechend wird das Maha Maya Land ein Ort sein, an dem alles ineinander flie\u00dft. Alle 3 S\u00e4ulen des Maha Maya Landes. Und es wird klar sein &#8211; egal auf welcher Seite wir das Zentrum betreten oder bewohnen &#8211; die Heilung wird passieren, wenn wir das innere Licht erkennen, akzeptieren und leben. Dann sind wir bereit der Welt zu dienen und unser Licht zu geben.<\/span><\/div>\n<\/div>\n<div class=\"\" data-block=\"true\" data-editor=\"e254k\" data-offset-key=\"fqkks-0-0\">\n<div data-offset-key=\"fqkks-0-0\" class=\"_1mf _1mj\"><span data-offset-key=\"fqkks-0-0\">\u00a0<\/span><\/div>\n<\/div>\n<div class=\"\" data-block=\"true\" data-editor=\"e254k\" data-offset-key=\"8575i-0-0\">\n<div data-offset-key=\"8575i-0-0\" class=\"_1mf _1mj\"><span data-offset-key=\"8575i-0-0\">Jai Maha Maya Ki Jai<\/span><\/div>\n<\/div>\n<p><span>\u00a0<\/span><\/p>\n<p>[\/et_pb_text][et_pb_post_nav _builder_version=&#8220;4.16&#8243; _module_preset=&#8220;default&#8220; global_colors_info=&#8220;{}&#8220;][\/et_pb_post_nav][\/et_pb_column][\/et_pb_row][\/et_pb_section][et_pb_section fb_built=&#8220;1&#8243; _builder_version=&#8220;4.16&#8243; _module_preset=&#8220;default&#8220; custom_padding=&#8220;||0px|||&#8220; global_colors_info=&#8220;{}&#8220;][et_pb_row _builder_version=&#8220;4.16&#8243; _module_preset=&#8220;default&#8220; min_height=&#8220;8.8px&#8220; custom_margin=&#8220;-38px|auto|-4px|auto||&#8220; custom_padding=&#8220;3px||0px|||&#8220; global_colors_info=&#8220;{}&#8220;][et_pb_column type=&#8220;4_4&#8243; _builder_version=&#8220;4.16&#8243; _module_preset=&#8220;default&#8220; global_colors_info=&#8220;{}&#8220;][et_pb_divider _builder_version=&#8220;4.16&#8243; _module_preset=&#8220;default&#8220; global_colors_info=&#8220;{}&#8220;][\/et_pb_divider][\/et_pb_column][\/et_pb_row][\/et_pb_section]<\/p>",
        "protected": false
    },
    "excerpt": {
        "rendered": "<p>Mein Leben hat mich schon unz\u00e4hlige Jahre sehr regelm\u00e4\u00dfig nach Indien gef\u00fchrt. Meine bisherigen Indienaufenthalte verbrachte ich allerdings haupts\u00e4chlich im Norden des Landes. So war ich selbst \u00fcberrascht, dass mich meine Vision des Maha Maya Centers ganz klar und stark nach Kerala zog. Nach und nach begreife ich warum, aber dar\u00fcber spreche ich ein anderes [&hellip;]<\/p>",
        "protected": false
    },
    "author": 2,
    "featured_media": 1045,
    "comment_status": "open",
    "ping_status": "open",
    "sticky": false,
    "template": "",
    "format": "standard",
    "meta": {
        "_et_pb_use_builder": "on",
        "_et_pb_old_content": "",
        "_et_gb_content_width": "",
        "footnotes": ""
    },
    "categories": [
        1
    ],
    "tags": [],
    "class_list": [
        "post-1041",
        "post",
        "type-post",
        "status-publish",
        "format-standard",
        "has-post-thumbnail",
        "hentry",
        "category-allgemein"
    ],
    "_links": {
        "self": [
            {
                "href": "https:\/\/www.maha-maya-center.com\/de_at\/wp-json\/wp\/v2\/posts\/1041",
                "targetHints": {
                    "allow": [
                        "GET"
                    ]
                }
            }
        ],
        "collection": [
            {
                "href": "https:\/\/www.maha-maya-center.com\/de_at\/wp-json\/wp\/v2\/posts"
            }
        ],
        "about": [
            {
                "href": "https:\/\/www.maha-maya-center.com\/de_at\/wp-json\/wp\/v2\/types\/post"
            }
        ],
        "author": [
            {
                "embeddable": true,
                "href": "https:\/\/www.maha-maya-center.com\/de_at\/wp-json\/wp\/v2\/users\/2"
            }
        ],
        "replies": [
            {
                "embeddable": true,
                "href": "https:\/\/www.maha-maya-center.com\/de_at\/wp-json\/wp\/v2\/comments?post=1041"
            }
        ],
        "version-history": [
            {
                "count": 5,
                "href": "https:\/\/www.maha-maya-center.com\/de_at\/wp-json\/wp\/v2\/posts\/1041\/revisions"
            }
        ],
        "predecessor-version": [
            {
                "id": 1595,
                "href": "https:\/\/www.maha-maya-center.com\/de_at\/wp-json\/wp\/v2\/posts\/1041\/revisions\/1595"
            }
        ],
        "wp:featuredmedia": [
            {
                "embeddable": true,
                "href": "https:\/\/www.maha-maya-center.com\/de_at\/wp-json\/wp\/v2\/media\/1045"
            }
        ],
        "wp:attachment": [
            {
                "href": "https:\/\/www.maha-maya-center.com\/de_at\/wp-json\/wp\/v2\/media?parent=1041"
            }
        ],
        "wp:term": [
            {
                "taxonomy": "category",
                "embeddable": true,
                "href": "https:\/\/www.maha-maya-center.com\/de_at\/wp-json\/wp\/v2\/categories?post=1041"
            },
            {
                "taxonomy": "post_tag",
                "embeddable": true,
                "href": "https:\/\/www.maha-maya-center.com\/de_at\/wp-json\/wp\/v2\/tags?post=1041"
            }
        ],
        "curies": [
            {
                "name": "wp",
                "href": "https:\/\/api.w.org\/{rel}",
                "templated": true
            }
        ]
    }
}